{"id":1047,"date":"2011-08-27T18:36:53","date_gmt":"2011-08-27T17:36:53","guid":{"rendered":"http:\/\/www.pizzacup.ch\/?p=1171"},"modified":"2011-09-02T09:33:13","modified_gmt":"2011-09-02T08:33:13","slug":"eroffnung-pumptrack-winterthur-2-sept-2011","status":"publish","type":"post","link":"https:\/\/www.pizzacup.ch\/?p=1047","title":{"rendered":"Er\u00f6ffnung Pumptrack Winterthur 2. Sept. 2011"},"content":{"rendered":"<p>Freitag 2. Sept. 2011 ab 13:30, <a href=\"http:\/\/map.search.ch\/winterthur-reitplatz-t%F6ss\" target=\"_blank\">Reitplatz T\u00f6ss<\/a><\/p>\n<p><a rel=\"attachment wp-att-1048\" href=\"http:\/\/www.pizzacup.ch\/?attachment_id=1048\"><img loading=\"lazy\" decoding=\"async\" class=\"aligncenter size-large wp-image-1048\" title=\"eroeffnung_pumptrack_winterthur\" src=\"http:\/\/www.pizzacup.ch\/wp-content\/uploads\/2011\/08\/eroeffnung_pumptrack_winterthur-640x445.png\" alt=\"\" width=\"640\" height=\"445\" srcset=\"https:\/\/www.pizzacup.ch\/wp-content\/uploads\/2011\/08\/eroeffnung_pumptrack_winterthur-640x445.png 640w, https:\/\/www.pizzacup.ch\/wp-content\/uploads\/2011\/08\/eroeffnung_pumptrack_winterthur-300x208.png 300w, https:\/\/www.pizzacup.ch\/wp-content\/uploads\/2011\/08\/eroeffnung_pumptrack_winterthur.png 805w\" sizes=\"auto, (max-width: 640px) 100vw, 640px\" \/><\/a><strong>Programm<\/strong><\/p>\n<p><strong>ab 13:30 Uhr<\/strong><br \/>\nTestfahren von Schulklassen mit Betreuung durch Cracks des Bikevereins <a href=\"http:\/\/www.rahmespraenger.ch\/\" target=\"_blank\">Rahmenspr\u00e4nger<\/a>.<\/p>\n<p><strong>17:15 Uhr Medieninformation<\/strong><br \/>\nBegr\u00fcssung und Informationen zum Pumptrack<\/p>\n<p><strong>17:30 Uhr<\/strong><br \/>\nOffizielle einweihung mit Stadtrat Stefan Fritschi und Show-Fahrt der Rahmenspr\u00e4nger.<\/p>\n<p><strong>ab 18:00 Uhr<\/strong><br \/>\nEinweihungsfeier mit Grill und Bar<\/p>\n","protected":false},"excerpt":{"rendered":"<p>Freitag 2. Sept. 2011 ab 13:30, Reitplatz T\u00f6ss Programm ab 13:30 Uhr Testfahren von Schulklassen mit Betreuung durch Cracks des Bikevereins Rahmenspr\u00e4nger. 17:15 Uhr Medieninformation Begr\u00fcssung und Informationen zum Pumptrack 17:30 Uhr Offizielle einweihung mit Stadtrat Stefan Fritschi und Show-Fahrt der Rahmenspr\u00e4nger. ab 18:00 Uhr Einweihungsfeier mit Grill und Bar<\/p>\n","protected":false},"author":3,"featured_media":0,"comment_status":"closed","ping_status":"closed","sticky":false,"template":"","format":"standard","meta":{"ngg_post_thumbnail":0,"footnotes":""},"categories":[5],"tags":[],"class_list":["post-1047","post","type-post","status-publish","format-standard","hentry","category-news_magazine"],"_links":{"self":[{"href":"https:\/\/www.pizzacup.ch\/index.php?rest_route=\/wp\/v2\/posts\/1047","targetHints":{"allow":["GET"]}}],"collection":[{"href":"https:\/\/www.pizzacup.ch\/index.php?rest_route=\/wp\/v2\/posts"}],"about":[{"href":"https:\/\/www.pizzacup.ch\/index.php?rest_route=\/wp\/v2\/types\/post"}],"author":[{"embeddable":true,"href":"https:\/\/www.pizzacup.ch\/index.php?rest_route=\/wp\/v2\/users\/3"}],"replies":[{"embeddable":true,"href":"https:\/\/www.pizzacup.ch\/index.php?rest_route=%2Fwp%2Fv2%2Fcomments&post=1047"}],"version-history":[{"count":7,"href":"https:\/\/www.pizzacup.ch\/index.php?rest_route=\/wp\/v2\/posts\/1047\/revisions"}],"predecessor-version":[{"id":1056,"href":"https:\/\/www.pizzacup.ch\/index.php?rest_route=\/wp\/v2\/posts\/1047\/revisions\/1056"}],"wp:attachment":[{"href":"https:\/\/www.pizzacup.ch\/index.php?rest_route=%2Fwp%2Fv2%2Fmedia&parent=1047"}],"wp:term":[{"taxonomy":"category","embeddable":true,"href":"https:\/\/www.pizzacup.ch\/index.php?rest_route=%2Fwp%2Fv2%2Fcategories&post=1047"},{"taxonomy":"post_tag","embeddable":true,"href":"https:\/\/www.pizzacup.ch\/index.php?rest_route=%2Fwp%2Fv2%2Ftags&post=1047"}],"curies":[{"name":"wp","href":"https:\/\/api.w.org\/{rel}","templated":true}]}}